{"id":4485,"date":"2024-06-03T15:52:49","date_gmt":"2024-06-03T19:52:49","guid":{"rendered":"https:\/\/racorsm.org\/mental-health-week-recognizing-suffering-without-medicalizing-distress\/"},"modified":"2025-04-15T13:33:23","modified_gmt":"2025-04-15T17:33:23","slug":"mental-health-week-recognizing-suffering-without-medicalizing-distress","status":"publish","type":"post","link":"https:\/\/racorsm.org\/en\/mental-health-week-recognizing-suffering-without-medicalizing-distress\/","title":{"rendered":"Mental Health Week\u2014Recognizing Suffering Without Medicalizing Distress"},"content":{"rendered":"\t\t<div data-elementor-type=\"wp-post\" data-elementor-id=\"4485\" class=\"elementor elementor-4485 elementor-1807\" data-elementor-post-type=\"post\">\n\t\t\t\t<div class=\"elementor-element elementor-element-3008b1d e-flex e-con-boxed e-con e-parent\" data-id=\"3008b1d\" data-element_type=\"container\" data-e-type=\"container\" data-settings=\"{&quot;jet_parallax_layout_list&quot;:[]}\">\n\t\t\t\t\t<div class=\"e-con-inner\">\n\t\t\t\t<div class=\"elementor-element elementor-element-6de557f elementor-widget elementor-widget-text-editor\" data-id=\"6de557f\" data-element_type=\"widget\" data-e-type=\"widget\" data-widget_type=\"text-editor.default\">\n\t\t\t\t<div class=\"elementor-widget-container\">\n\t\t\t\t\t\t\t\t\t<p>As part of Mental Health Week, which runs from May 6 to 12, <em>Projet collectif en inclusion \u00e0 Montr\u00e9al (PCEIM)<\/em> seeks to shed light on how Quebec\u2019s current approach to mental health\u2014centered primarily on individual pathology\u2014significantly contributes to the ongoing mental health crisis. The organization calls for a rethinking of this model, advocating for a relational and interactional perspective instead of the continued medicalization of emotional distress.<\/p>\n<p>&#8220;We should understand mental health challenges\u2014and mental health itself\u2014as issues rooted in interactions, relationships, and collective dynamics, rather than viewing them as purely individual problems,&#8221; says David Castrillon, Executive Director of PCEIM.<\/p>\n<p>PCEIM promotes the creation of spaces where people can engage in meaningful relationships and enriching interactions that meet their needs for identity, belonging, and mutual understanding. These environments welcome human distress without resorting to language or practices that often isolate individuals from their surroundings. They are intentionally designed to foster dialogue, learning, and collective creativity, helping individuals reintegrate into community life.<\/p>\n<p>&#8220;We&#8217;ve observed that the medicalization of human reactions to social, economic, and relational stressors has led to an overconsumption of pharmacological treatments, which mask the real causes of distress. This trend is exacerbating the mental health crisis by failing to treat the real contributing factors,&#8221; he adds.<\/p>\n<p>While it\u2019s essential to recognize and validate people\u2019s suffering, it is equally crucial to explore its underlying causes. PCEIM emphasizes that addressing the anxiety-inducing environments in which people live is a powerful way to reduce the overall demand for mental health services.<\/p>\n<p><strong>A Call to Action for Public Policy<\/strong><\/p>\n<p>PCEIM urges policy makers and mental health professionals to adopt and promote a collective approach to mental health, one that prioritizes an understanding of the interactions and relationships fostered within today\u2019s socio-economic systems.<\/p>\n<p>&#8220;We believe that by developing policies and interventions that address relational and contextual dimensions, we can begin to address the mental health crisis in a more effective and humane way. This also means choosing a different vocabulary when speaking about mental health,&#8221; continues Castrillon.<\/p>\n<p>PCEIM projects include Libre Espace, Caf\u00e9 des Voisins, \u00c9picerie Solidaire de Rosemont, La P\u00e9licantine, Clinique d&#8217;Imp\u00f4ts de Rosemont, as well as spaces for mobilization, creation and discussion.<\/p><\/p>\n\t\t\t\t\t\t\t\t<\/div>\n\t\t\t\t<\/div>\n\t\t\t\t\t<\/div>\n\t\t\t\t<\/div>\n\t\t\t\t<\/div>\n\t\t","protected":false},"excerpt":{"rendered":"<p>As part of Mental Health Week, which runs from May 6 to 12, Projet collectif en inclusion \u00e0 Montr\u00e9al (PCEIM) seeks to shed light on how Quebec\u2019s current approach to mental health\u2014centered primarily on individual pathology\u2014significantly contributes to the ongoing mental health crisis. The organization calls for a rethinking of this model, advocating for a [&hellip;]<\/p>\n","protected":false},"author":1,"featured_media":4486,"comment_status":"closed","ping_status":"closed","sticky":false,"template":"","format":"standard","meta":{"site-sidebar-layout":"default","site-content-layout":"","ast-site-content-layout":"default","site-content-style":"default","site-sidebar-style":"default","ast-global-header-display":"","ast-banner-title-visibility":"","ast-main-header-display":"","ast-hfb-above-header-display":"","ast-hfb-below-header-display":"","ast-hfb-mobile-header-display":"","site-post-title":"","ast-breadcrumbs-content":"","ast-featured-img":"","footer-sml-layout":"","ast-disable-related-posts":"","theme-transparent-header-meta":"","adv-header-id-meta":"","stick-header-meta":"","header-above-stick-meta":"","header-main-stick-meta":"","header-below-stick-meta":"","astra-migrate-meta-layouts":"set","ast-page-background-enabled":"default","ast-page-background-meta":{"desktop":{"background-color":"","background-image":"","background-repeat":"repeat","background-position":"center center","background-size":"auto","background-attachment":"scroll","background-type":"","background-media":"","overlay-type":"","overlay-color":"","overlay-opacity":"","overlay-gradient":""},"tablet":{"background-color":"","background-image":"","background-repeat":"repeat","background-position":"center center","background-size":"auto","background-attachment":"scroll","background-type":"","background-media":"","overlay-type":"","overlay-color":"","overlay-opacity":"","overlay-gradient":""},"mobile":{"background-color":"","background-image":"","background-repeat":"repeat","background-position":"center center","background-size":"auto","background-attachment":"scroll","background-type":"","background-media":"","overlay-type":"","overlay-color":"","overlay-opacity":"","overlay-gradient":""}},"ast-content-background-meta":{"desktop":{"background-color":"var(--ast-global-color-5)","background-image":"","background-repeat":"repeat","background-position":"center center","background-size":"auto","background-attachment":"scroll","background-type":"","background-media":"","overlay-type":"","overlay-color":"","overlay-opacity":"","overlay-gradient":""},"tablet":{"background-color":"var(--ast-global-color-5)","background-image":"","background-repeat":"repeat","background-position":"center center","background-size":"auto","background-attachment":"scroll","background-type":"","background-media":"","overlay-type":"","overlay-color":"","overlay-opacity":"","overlay-gradient":""},"mobile":{"background-color":"var(--ast-global-color-5)","background-image":"","background-repeat":"repeat","background-position":"center center","background-size":"auto","background-attachment":"scroll","background-type":"","background-media":"","overlay-type":"","overlay-color":"","overlay-opacity":"","overlay-gradient":""}},"footnotes":""},"categories":[],"tags":[],"class_list":["post-4485","post","type-post","status-publish","format-standard","has-post-thumbnail","hentry"],"_links":{"self":[{"href":"https:\/\/racorsm.org\/en\/wp-json\/wp\/v2\/posts\/4485","targetHints":{"allow":["GET"]}}],"collection":[{"href":"https:\/\/racorsm.org\/en\/wp-json\/wp\/v2\/posts"}],"about":[{"href":"https:\/\/racorsm.org\/en\/wp-json\/wp\/v2\/types\/post"}],"author":[{"embeddable":true,"href":"https:\/\/racorsm.org\/en\/wp-json\/wp\/v2\/users\/1"}],"replies":[{"embeddable":true,"href":"https:\/\/racorsm.org\/en\/wp-json\/wp\/v2\/comments?post=4485"}],"version-history":[{"count":0,"href":"https:\/\/racorsm.org\/en\/wp-json\/wp\/v2\/posts\/4485\/revisions"}],"wp:featuredmedia":[{"embeddable":true,"href":"https:\/\/racorsm.org\/en\/wp-json\/wp\/v2\/media\/4486"}],"wp:attachment":[{"href":"https:\/\/racorsm.org\/en\/wp-json\/wp\/v2\/media?parent=4485"}],"wp:term":[{"taxonomy":"category","embeddable":true,"href":"https:\/\/racorsm.org\/en\/wp-json\/wp\/v2\/categories?post=4485"},{"taxonomy":"post_tag","embeddable":true,"href":"https:\/\/racorsm.org\/en\/wp-json\/wp\/v2\/tags?post=4485"}],"curies":[{"name":"wp","href":"https:\/\/api.w.org\/{rel}","templated":true}]}}